{"id":996,"date":"2022-04-08T10:35:32","date_gmt":"2022-04-08T13:35:32","guid":{"rendered":"https:\/\/isgsaude.org.br\/amepariquera\/?post_type=noticias&#038;p=996"},"modified":"2022-04-08T10:48:11","modified_gmt":"2022-04-08T13:48:11","slug":"populacao-do-vale-do-ribeira-ja-dispoe-de-metodo-nao-invasivo-para-tratamento-de-varizes","status":"publish","type":"noticias","link":"https:\/\/isgsaude.org.br\/amepariquera\/noticias\/populacao-do-vale-do-ribeira-ja-dispoe-de-metodo-nao-invasivo-para-tratamento-de-varizes\/","title":{"rendered":"Popula\u00e7\u00e3o do Vale do Ribeira j\u00e1 disp\u00f5e de m\u00e9todo n\u00e3o invasivo para tratamento de varizes"},"excerpt":{"rendered":"","protected":false},"featured_media":997,"menu_order":0,"template":"","tags":[],"class_list":["post-996","noticias","type-noticias","status-publish","has-post-thumbnail","hentry"],"acf":[],"_links":{"self":[{"href":"https:\/\/isgsaude.org.br\/amepariquera\/wp-json\/wp\/v2\/noticias\/996","targetHints":{"allow":["GET"]}}],"collection":[{"href":"https:\/\/isgsaude.org.br\/amepariquera\/wp-json\/wp\/v2\/noticias"}],"about":[{"href":"https:\/\/isgsaude.org.br\/amepariquera\/wp-json\/wp\/v2\/types\/noticias"}],"version-history":[{"count":0,"href":"https:\/\/isgsaude.org.br\/amepariquera\/wp-json\/wp\/v2\/noticias\/996\/revisions"}],"wp:featuredmedia":[{"embeddable":true,"href":"https:\/\/isgsaude.org.br\/amepariquera\/wp-json\/wp\/v2\/media\/997"}],"wp:attachment":[{"href":"https:\/\/isgsaude.org.br\/amepariquera\/wp-json\/wp\/v2\/media?parent=996"}],"wp:term":[{"taxonomy":"post_tag","embeddable":true,"href":"https:\/\/isgsaude.org.br\/amepariquera\/wp-json\/wp\/v2\/tags?post=996"}],"curies":[{"name":"wp","href":"https:\/\/api.w.org\/{rel}","templated":true}]}}