{"id":224,"date":"2018-12-20T00:00:00","date_gmt":"2018-12-20T02:00:00","guid":{"rendered":"https:\/\/isgsaude.org.br\/amesjc\/noticias\/colaboradores-do-ame-de-sao-jose-dos-campos-fazem-doacao-ao-lar-nossa-senhora-de-salette\/"},"modified":"2021-06-28T17:48:35","modified_gmt":"2021-06-28T20:48:35","slug":"colaboradores-do-ame-de-sao-jose-dos-campos-fazem-doacao-ao-lar-nossa-senhora-de-salette","status":"publish","type":"noticias","link":"https:\/\/isgsaude.org.br\/amesjc\/noticias\/colaboradores-do-ame-de-sao-jose-dos-campos-fazem-doacao-ao-lar-nossa-senhora-de-salette\/","title":{"rendered":"Colaboradores do AME de S\u00e3o Jos\u00e9 dos Campos fazem doa\u00e7\u00e3o ao Lar Nossa Senhora de Salette"},"excerpt":{"rendered":"","protected":false},"featured_media":479,"menu_order":71,"template":"","tags":[],"class_list":["post-224","noticias","type-noticias","status-publish","has-post-thumbnail","hentry"],"acf":[],"_links":{"self":[{"href":"https:\/\/isgsaude.org.br\/amesjc\/wp-json\/wp\/v2\/noticias\/224","targetHints":{"allow":["GET"]}}],"collection":[{"href":"https:\/\/isgsaude.org.br\/amesjc\/wp-json\/wp\/v2\/noticias"}],"about":[{"href":"https:\/\/isgsaude.org.br\/amesjc\/wp-json\/wp\/v2\/types\/noticias"}],"version-history":[{"count":0,"href":"https:\/\/isgsaude.org.br\/amesjc\/wp-json\/wp\/v2\/noticias\/224\/revisions"}],"wp:featuredmedia":[{"embeddable":true,"href":"https:\/\/isgsaude.org.br\/amesjc\/wp-json\/wp\/v2\/media\/479"}],"wp:attachment":[{"href":"https:\/\/isgsaude.org.br\/amesjc\/wp-json\/wp\/v2\/media?parent=224"}],"wp:term":[{"taxonomy":"post_tag","embeddable":true,"href":"https:\/\/isgsaude.org.br\/amesjc\/wp-json\/wp\/v2\/tags?post=224"}],"curies":[{"name":"wp","href":"https:\/\/api.w.org\/{rel}","templated":true}]}}