{"id":2514,"date":"2023-12-28T16:21:08","date_gmt":"2023-12-28T19:21:08","guid":{"rendered":"https:\/\/isgsaude.org.br\/amesjc\/?post_type=noticias&#038;p=2514"},"modified":"2023-12-28T16:56:20","modified_gmt":"2023-12-28T19:56:20","slug":"vice-governador-de-sao-paulo-e-secretario-de-saude-visitam-o-ame-sjc","status":"publish","type":"noticias","link":"https:\/\/isgsaude.org.br\/amesjc\/noticias\/vice-governador-de-sao-paulo-e-secretario-de-saude-visitam-o-ame-sjc\/","title":{"rendered":"Vice-Governador de S\u00e3o Paulo e Secret\u00e1rio de Sa\u00fade visitam o AME SJC"},"excerpt":{"rendered":"","protected":false},"featured_media":2515,"menu_order":0,"template":"","tags":[],"class_list":["post-2514","noticias","type-noticias","status-publish","has-post-thumbnail","hentry"],"acf":[],"_links":{"self":[{"href":"https:\/\/isgsaude.org.br\/amesjc\/wp-json\/wp\/v2\/noticias\/2514","targetHints":{"allow":["GET"]}}],"collection":[{"href":"https:\/\/isgsaude.org.br\/amesjc\/wp-json\/wp\/v2\/noticias"}],"about":[{"href":"https:\/\/isgsaude.org.br\/amesjc\/wp-json\/wp\/v2\/types\/noticias"}],"version-history":[{"count":0,"href":"https:\/\/isgsaude.org.br\/amesjc\/wp-json\/wp\/v2\/noticias\/2514\/revisions"}],"wp:featuredmedia":[{"embeddable":true,"href":"https:\/\/isgsaude.org.br\/amesjc\/wp-json\/wp\/v2\/media\/2515"}],"wp:attachment":[{"href":"https:\/\/isgsaude.org.br\/amesjc\/wp-json\/wp\/v2\/media?parent=2514"}],"wp:term":[{"taxonomy":"post_tag","embeddable":true,"href":"https:\/\/isgsaude.org.br\/amesjc\/wp-json\/wp\/v2\/tags?post=2514"}],"curies":[{"name":"wp","href":"https:\/\/api.w.org\/{rel}","templated":true}]}}