{"id":293,"date":"2020-10-02T00:00:00","date_gmt":"2020-10-02T03:00:00","guid":{"rendered":"https:\/\/isgsaude.org.br\/amesjc\/noticias\/idoso-tem-atendimento-prioritario-e-atencao-especial\/"},"modified":"2021-06-28T17:56:30","modified_gmt":"2021-06-28T20:56:30","slug":"idoso-tem-atendimento-prioritario-e-atencao-especial","status":"publish","type":"noticias","link":"https:\/\/isgsaude.org.br\/amesjc\/noticias\/idoso-tem-atendimento-prioritario-e-atencao-especial\/","title":{"rendered":"Idoso tem atendimento priorit\u00e1rio e  aten\u00e7\u00e3o especial"},"excerpt":{"rendered":"","protected":false},"featured_media":609,"menu_order":2,"template":"","tags":[],"class_list":["post-293","noticias","type-noticias","status-publish","has-post-thumbnail","hentry"],"acf":[],"_links":{"self":[{"href":"https:\/\/isgsaude.org.br\/amesjc\/wp-json\/wp\/v2\/noticias\/293","targetHints":{"allow":["GET"]}}],"collection":[{"href":"https:\/\/isgsaude.org.br\/amesjc\/wp-json\/wp\/v2\/noticias"}],"about":[{"href":"https:\/\/isgsaude.org.br\/amesjc\/wp-json\/wp\/v2\/types\/noticias"}],"version-history":[{"count":0,"href":"https:\/\/isgsaude.org.br\/amesjc\/wp-json\/wp\/v2\/noticias\/293\/revisions"}],"wp:featuredmedia":[{"embeddable":true,"href":"https:\/\/isgsaude.org.br\/amesjc\/wp-json\/wp\/v2\/media\/609"}],"wp:attachment":[{"href":"https:\/\/isgsaude.org.br\/amesjc\/wp-json\/wp\/v2\/media?parent=293"}],"wp:term":[{"taxonomy":"post_tag","embeddable":true,"href":"https:\/\/isgsaude.org.br\/amesjc\/wp-json\/wp\/v2\/tags?post=293"}],"curies":[{"name":"wp","href":"https:\/\/api.w.org\/{rel}","templated":true}]}}