{"id":4571,"date":"2026-03-12T14:58:47","date_gmt":"2026-03-12T17:58:47","guid":{"rendered":"https:\/\/isgsaude.org.br\/amesjc\/?post_type=noticias&#038;p=4571"},"modified":"2026-03-12T16:35:02","modified_gmt":"2026-03-12T19:35:02","slug":"semana-da-mulher-no-ame-sjc-saude-movimento-e-inspiracao","status":"publish","type":"noticias","link":"https:\/\/isgsaude.org.br\/amesjc\/noticias\/semana-da-mulher-no-ame-sjc-saude-movimento-e-inspiracao\/","title":{"rendered":"Semana da Mulher no AME SJC: Sa\u00fade, Movimento e Inspira\u00e7\u00e3o"},"excerpt":{"rendered":"","protected":false},"featured_media":4572,"menu_order":0,"template":"","tags":[],"class_list":["post-4571","noticias","type-noticias","status-publish","has-post-thumbnail","hentry"],"acf":[],"_links":{"self":[{"href":"https:\/\/isgsaude.org.br\/amesjc\/wp-json\/wp\/v2\/noticias\/4571","targetHints":{"allow":["GET"]}}],"collection":[{"href":"https:\/\/isgsaude.org.br\/amesjc\/wp-json\/wp\/v2\/noticias"}],"about":[{"href":"https:\/\/isgsaude.org.br\/amesjc\/wp-json\/wp\/v2\/types\/noticias"}],"version-history":[{"count":2,"href":"https:\/\/isgsaude.org.br\/amesjc\/wp-json\/wp\/v2\/noticias\/4571\/revisions"}],"predecessor-version":[{"id":4584,"href":"https:\/\/isgsaude.org.br\/amesjc\/wp-json\/wp\/v2\/noticias\/4571\/revisions\/4584"}],"wp:featuredmedia":[{"embeddable":true,"href":"https:\/\/isgsaude.org.br\/amesjc\/wp-json\/wp\/v2\/media\/4572"}],"wp:attachment":[{"href":"https:\/\/isgsaude.org.br\/amesjc\/wp-json\/wp\/v2\/media?parent=4571"}],"wp:term":[{"taxonomy":"post_tag","embeddable":true,"href":"https:\/\/isgsaude.org.br\/amesjc\/wp-json\/wp\/v2\/tags?post=4571"}],"curies":[{"name":"wp","href":"https:\/\/api.w.org\/{rel}","templated":true}]}}