{"id":741,"date":"2021-06-23T16:29:56","date_gmt":"2021-06-23T19:29:56","guid":{"rendered":"https:\/\/isgsaude.org.br\/amesjc\/?post_type=noticias&#038;p=741"},"modified":"2021-08-04T10:57:20","modified_gmt":"2021-08-04T13:57:20","slug":"evento-realizado-pelo-ame-capacita-profissionais-da-atencao-basica-de-cacapava-e-santa-branca","status":"publish","type":"noticias","link":"https:\/\/isgsaude.org.br\/amesjc\/noticias\/evento-realizado-pelo-ame-capacita-profissionais-da-atencao-basica-de-cacapava-e-santa-branca\/","title":{"rendered":"Evento realizado pelo AME capacita profissionais da Aten\u00e7\u00e3o B\u00e1sica de Ca\u00e7apava e Santa Branca"},"excerpt":{"rendered":"","protected":false},"featured_media":742,"menu_order":0,"template":"","tags":[],"class_list":["post-741","noticias","type-noticias","status-publish","has-post-thumbnail","hentry"],"acf":[],"_links":{"self":[{"href":"https:\/\/isgsaude.org.br\/amesjc\/wp-json\/wp\/v2\/noticias\/741","targetHints":{"allow":["GET"]}}],"collection":[{"href":"https:\/\/isgsaude.org.br\/amesjc\/wp-json\/wp\/v2\/noticias"}],"about":[{"href":"https:\/\/isgsaude.org.br\/amesjc\/wp-json\/wp\/v2\/types\/noticias"}],"version-history":[{"count":0,"href":"https:\/\/isgsaude.org.br\/amesjc\/wp-json\/wp\/v2\/noticias\/741\/revisions"}],"wp:featuredmedia":[{"embeddable":true,"href":"https:\/\/isgsaude.org.br\/amesjc\/wp-json\/wp\/v2\/media\/742"}],"wp:attachment":[{"href":"https:\/\/isgsaude.org.br\/amesjc\/wp-json\/wp\/v2\/media?parent=741"}],"wp:term":[{"taxonomy":"post_tag","embeddable":true,"href":"https:\/\/isgsaude.org.br\/amesjc\/wp-json\/wp\/v2\/tags?post=741"}],"curies":[{"name":"wp","href":"https:\/\/api.w.org\/{rel}","templated":true}]}}