{"id":30846,"date":"2025-03-26T11:44:42","date_gmt":"2025-03-26T14:44:42","guid":{"rendered":"https:\/\/isgsaude.org.br\/ceapsol\/?post_type=noticias&#038;p=30846"},"modified":"2025-04-04T13:32:26","modified_gmt":"2025-04-04T16:32:26","slug":"ceap-sol-se-consolida-se-como-referencia-em-cuidado-prolongado-e-reabilitacao","status":"publish","type":"noticias","link":"https:\/\/isgsaude.org.br\/ceapsol\/noticias\/ceap-sol-se-consolida-se-como-referencia-em-cuidado-prolongado-e-reabilitacao\/","title":{"rendered":"CEAP-SOL se consolida como refer\u00eancia em cuidado prolongado e reabilita\u00e7\u00e3o"},"excerpt":{"rendered":"","protected":false},"featured_media":30852,"menu_order":0,"template":"","tags":[],"class_list":["post-30846","noticias","type-noticias","status-publish","has-post-thumbnail","hentry"],"acf":[],"_links":{"self":[{"href":"https:\/\/isgsaude.org.br\/ceapsol\/wp-json\/wp\/v2\/noticias\/30846","targetHints":{"allow":["GET"]}}],"collection":[{"href":"https:\/\/isgsaude.org.br\/ceapsol\/wp-json\/wp\/v2\/noticias"}],"about":[{"href":"https:\/\/isgsaude.org.br\/ceapsol\/wp-json\/wp\/v2\/types\/noticias"}],"version-history":[{"count":0,"href":"https:\/\/isgsaude.org.br\/ceapsol\/wp-json\/wp\/v2\/noticias\/30846\/revisions"}],"wp:featuredmedia":[{"embeddable":true,"href":"https:\/\/isgsaude.org.br\/ceapsol\/wp-json\/wp\/v2\/media\/30852"}],"wp:attachment":[{"href":"https:\/\/isgsaude.org.br\/ceapsol\/wp-json\/wp\/v2\/media?parent=30846"}],"wp:term":[{"taxonomy":"post_tag","embeddable":true,"href":"https:\/\/isgsaude.org.br\/ceapsol\/wp-json\/wp\/v2\/tags?post=30846"}],"curies":[{"name":"wp","href":"https:\/\/api.w.org\/{rel}","templated":true}]}}