{"id":35878,"date":"2026-04-27T16:41:46","date_gmt":"2026-04-27T19:41:46","guid":{"rendered":"https:\/\/isgsaude.org.br\/ceapsol\/?post_type=noticias&#038;p=35878"},"modified":"2026-04-27T16:41:46","modified_gmt":"2026-04-27T19:41:46","slug":"direcao-do-ceap-sol-e-homenageada-em-solenidade-na-assembleia-legislativa","status":"publish","type":"noticias","link":"https:\/\/isgsaude.org.br\/ceapsol\/noticias\/direcao-do-ceap-sol-e-homenageada-em-solenidade-na-assembleia-legislativa\/","title":{"rendered":"Dire\u00e7\u00e3o do CEAP-SOL \u00e9 homenageada em solenidade na Assembleia Legislativa"},"excerpt":{"rendered":"","protected":false},"featured_media":35879,"menu_order":0,"template":"","tags":[],"class_list":["post-35878","noticias","type-noticias","status-publish","has-post-thumbnail","hentry"],"acf":[],"_links":{"self":[{"href":"https:\/\/isgsaude.org.br\/ceapsol\/wp-json\/wp\/v2\/noticias\/35878","targetHints":{"allow":["GET"]}}],"collection":[{"href":"https:\/\/isgsaude.org.br\/ceapsol\/wp-json\/wp\/v2\/noticias"}],"about":[{"href":"https:\/\/isgsaude.org.br\/ceapsol\/wp-json\/wp\/v2\/types\/noticias"}],"version-history":[{"count":1,"href":"https:\/\/isgsaude.org.br\/ceapsol\/wp-json\/wp\/v2\/noticias\/35878\/revisions"}],"predecessor-version":[{"id":35880,"href":"https:\/\/isgsaude.org.br\/ceapsol\/wp-json\/wp\/v2\/noticias\/35878\/revisions\/35880"}],"wp:featuredmedia":[{"embeddable":true,"href":"https:\/\/isgsaude.org.br\/ceapsol\/wp-json\/wp\/v2\/media\/35879"}],"wp:attachment":[{"href":"https:\/\/isgsaude.org.br\/ceapsol\/wp-json\/wp\/v2\/media?parent=35878"}],"wp:term":[{"taxonomy":"post_tag","embeddable":true,"href":"https:\/\/isgsaude.org.br\/ceapsol\/wp-json\/wp\/v2\/tags?post=35878"}],"curies":[{"name":"wp","href":"https:\/\/api.w.org\/{rel}","templated":true}]}}