{"id":35881,"date":"2026-04-28T08:33:23","date_gmt":"2026-04-28T11:33:23","guid":{"rendered":"https:\/\/isgsaude.org.br\/ceapsol\/?post_type=noticias&#038;p=35881"},"modified":"2026-04-28T08:33:53","modified_gmt":"2026-04-28T11:33:53","slug":"projeto-de-horta-comunitaria-promove-integracao-e-bem-estar-entre-pacientes-do-ceap-sol","status":"publish","type":"noticias","link":"https:\/\/isgsaude.org.br\/ceapsol\/noticias\/projeto-de-horta-comunitaria-promove-integracao-e-bem-estar-entre-pacientes-do-ceap-sol\/","title":{"rendered":"Projeto de horta comunit\u00e1ria promove integra\u00e7\u00e3o e bem-estar entre pacientes do CEAP-SOL"},"excerpt":{"rendered":"","protected":false},"featured_media":35882,"menu_order":0,"template":"","tags":[],"class_list":["post-35881","noticias","type-noticias","status-publish","has-post-thumbnail","hentry"],"acf":[],"_links":{"self":[{"href":"https:\/\/isgsaude.org.br\/ceapsol\/wp-json\/wp\/v2\/noticias\/35881","targetHints":{"allow":["GET"]}}],"collection":[{"href":"https:\/\/isgsaude.org.br\/ceapsol\/wp-json\/wp\/v2\/noticias"}],"about":[{"href":"https:\/\/isgsaude.org.br\/ceapsol\/wp-json\/wp\/v2\/types\/noticias"}],"version-history":[{"count":2,"href":"https:\/\/isgsaude.org.br\/ceapsol\/wp-json\/wp\/v2\/noticias\/35881\/revisions"}],"predecessor-version":[{"id":35889,"href":"https:\/\/isgsaude.org.br\/ceapsol\/wp-json\/wp\/v2\/noticias\/35881\/revisions\/35889"}],"wp:featuredmedia":[{"embeddable":true,"href":"https:\/\/isgsaude.org.br\/ceapsol\/wp-json\/wp\/v2\/media\/35882"}],"wp:attachment":[{"href":"https:\/\/isgsaude.org.br\/ceapsol\/wp-json\/wp\/v2\/media?parent=35881"}],"wp:term":[{"taxonomy":"post_tag","embeddable":true,"href":"https:\/\/isgsaude.org.br\/ceapsol\/wp-json\/wp\/v2\/tags?post=35881"}],"curies":[{"name":"wp","href":"https:\/\/api.w.org\/{rel}","templated":true}]}}