{"id":2940,"date":"2020-07-24T00:00:00","date_gmt":"2020-07-24T03:00:00","guid":{"rendered":"https:\/\/isgsaude.org.br\/hdt\/noticias\/nutricionistas-das-unidades-isg-participam-de-capacitacao-para-nutricao-de-pacientes-covid-graves\/"},"modified":"2021-06-24T17:39:39","modified_gmt":"2021-06-24T20:39:39","slug":"nutricionistas-das-unidades-isg-participam-de-capacitacao-para-nutricao-de-pacientes-covid-graves","status":"publish","type":"noticias","link":"https:\/\/isgsaude.org.br\/hdt\/noticias\/nutricionistas-das-unidades-isg-participam-de-capacitacao-para-nutricao-de-pacientes-covid-graves\/","title":{"rendered":"Nutricionistas das unidades ISG participam de capacita\u00e7\u00e3o para nutri\u00e7\u00e3o de pacientes Covid graves"},"excerpt":{"rendered":"","protected":false},"featured_media":3843,"menu_order":29,"template":"","tags":[],"class_list":["post-2940","noticias","type-noticias","status-publish","has-post-thumbnail","hentry"],"acf":[],"_links":{"self":[{"href":"https:\/\/isgsaude.org.br\/hdt\/wp-json\/wp\/v2\/noticias\/2940","targetHints":{"allow":["GET"]}}],"collection":[{"href":"https:\/\/isgsaude.org.br\/hdt\/wp-json\/wp\/v2\/noticias"}],"about":[{"href":"https:\/\/isgsaude.org.br\/hdt\/wp-json\/wp\/v2\/types\/noticias"}],"version-history":[{"count":0,"href":"https:\/\/isgsaude.org.br\/hdt\/wp-json\/wp\/v2\/noticias\/2940\/revisions"}],"wp:featuredmedia":[{"embeddable":true,"href":"https:\/\/isgsaude.org.br\/hdt\/wp-json\/wp\/v2\/media\/3843"}],"wp:attachment":[{"href":"https:\/\/isgsaude.org.br\/hdt\/wp-json\/wp\/v2\/media?parent=2940"}],"wp:term":[{"taxonomy":"post_tag","embeddable":true,"href":"https:\/\/isgsaude.org.br\/hdt\/wp-json\/wp\/v2\/tags?post=2940"}],"curies":[{"name":"wp","href":"https:\/\/api.w.org\/{rel}","templated":true}]}}