{"id":66690,"date":"2024-09-20T15:28:47","date_gmt":"2024-09-20T18:28:47","guid":{"rendered":"https:\/\/isgsaude.org.br\/hdt\/?post_type=noticias&#038;p=66690"},"modified":"2024-09-20T15:28:47","modified_gmt":"2024-09-20T18:28:47","slug":"hdt-promove-acao-em-alusao-ao-dia-mundial-da-sepse","status":"publish","type":"noticias","link":"https:\/\/isgsaude.org.br\/hdt\/noticias\/hdt-promove-acao-em-alusao-ao-dia-mundial-da-sepse\/","title":{"rendered":"HDT promove a\u00e7\u00e3o em alus\u00e3o ao Dia Mundial da Sepse"},"excerpt":{"rendered":"","protected":false},"featured_media":66691,"menu_order":0,"template":"","tags":[],"class_list":["post-66690","noticias","type-noticias","status-publish","has-post-thumbnail","hentry"],"acf":[],"_links":{"self":[{"href":"https:\/\/isgsaude.org.br\/hdt\/wp-json\/wp\/v2\/noticias\/66690","targetHints":{"allow":["GET"]}}],"collection":[{"href":"https:\/\/isgsaude.org.br\/hdt\/wp-json\/wp\/v2\/noticias"}],"about":[{"href":"https:\/\/isgsaude.org.br\/hdt\/wp-json\/wp\/v2\/types\/noticias"}],"version-history":[{"count":0,"href":"https:\/\/isgsaude.org.br\/hdt\/wp-json\/wp\/v2\/noticias\/66690\/revisions"}],"wp:featuredmedia":[{"embeddable":true,"href":"https:\/\/isgsaude.org.br\/hdt\/wp-json\/wp\/v2\/media\/66691"}],"wp:attachment":[{"href":"https:\/\/isgsaude.org.br\/hdt\/wp-json\/wp\/v2\/media?parent=66690"}],"wp:term":[{"taxonomy":"post_tag","embeddable":true,"href":"https:\/\/isgsaude.org.br\/hdt\/wp-json\/wp\/v2\/tags?post=66690"}],"curies":[{"name":"wp","href":"https:\/\/api.w.org\/{rel}","templated":true}]}}