{"id":142,"date":"2017-12-21T00:00:00","date_gmt":"2017-12-21T02:00:00","guid":{"rendered":"https:\/\/isgsaude.org.br\/hrjr\/noticias\/emocao-marca-o-natal-do-hospital-regional-de-itanhaem\/"},"modified":"2021-12-10T13:57:02","modified_gmt":"2021-12-10T16:57:02","slug":"emocao-marca-o-natal-do-hospital-regional-de-itanhaem","status":"publish","type":"noticias","link":"https:\/\/isgsaude.org.br\/hrjr\/noticias\/emocao-marca-o-natal-do-hospital-regional-de-itanhaem\/","title":{"rendered":"Emo\u00e7\u00e3o marca o Natal do Hospital Regional de Itanha\u00e9m"},"excerpt":{"rendered":"","protected":false},"featured_media":451,"menu_order":0,"template":"","tags":[],"class_list":["post-142","noticias","type-noticias","status-publish","has-post-thumbnail","hentry"],"acf":[],"_links":{"self":[{"href":"https:\/\/isgsaude.org.br\/hrjr\/wp-json\/wp\/v2\/noticias\/142","targetHints":{"allow":["GET"]}}],"collection":[{"href":"https:\/\/isgsaude.org.br\/hrjr\/wp-json\/wp\/v2\/noticias"}],"about":[{"href":"https:\/\/isgsaude.org.br\/hrjr\/wp-json\/wp\/v2\/types\/noticias"}],"version-history":[{"count":0,"href":"https:\/\/isgsaude.org.br\/hrjr\/wp-json\/wp\/v2\/noticias\/142\/revisions"}],"wp:featuredmedia":[{"embeddable":true,"href":"https:\/\/isgsaude.org.br\/hrjr\/wp-json\/wp\/v2\/media\/451"}],"wp:attachment":[{"href":"https:\/\/isgsaude.org.br\/hrjr\/wp-json\/wp\/v2\/media?parent=142"}],"wp:term":[{"taxonomy":"post_tag","embeddable":true,"href":"https:\/\/isgsaude.org.br\/hrjr\/wp-json\/wp\/v2\/tags?post=142"}],"curies":[{"name":"wp","href":"https:\/\/api.w.org\/{rel}","templated":true}]}}