{"id":1474,"date":"2022-01-03T10:21:47","date_gmt":"2022-01-03T13:21:47","guid":{"rendered":"https:\/\/isgsaude.org.br\/hrjr\/?post_type=noticias&#038;p=1474"},"modified":"2022-01-04T14:42:19","modified_gmt":"2022-01-04T17:42:19","slug":"colaboradores-levam-a-magia-do-natal-as-criancas-do-abrigo-municipal-de-itanhaem","status":"publish","type":"noticias","link":"https:\/\/isgsaude.org.br\/hrjr\/noticias\/colaboradores-levam-a-magia-do-natal-as-criancas-do-abrigo-municipal-de-itanhaem\/","title":{"rendered":"Colaboradores levam a magia do Natal \u00e0s crian\u00e7as do abrigo municipal de Itanha\u00e9m"},"excerpt":{"rendered":"","protected":false},"featured_media":1475,"menu_order":0,"template":"","tags":[182,13,14],"class_list":["post-1474","noticias","type-noticias","status-publish","has-post-thumbnail","hentry","tag-acao-social","tag-natal","tag-solidariedade"],"acf":[],"_links":{"self":[{"href":"https:\/\/isgsaude.org.br\/hrjr\/wp-json\/wp\/v2\/noticias\/1474","targetHints":{"allow":["GET"]}}],"collection":[{"href":"https:\/\/isgsaude.org.br\/hrjr\/wp-json\/wp\/v2\/noticias"}],"about":[{"href":"https:\/\/isgsaude.org.br\/hrjr\/wp-json\/wp\/v2\/types\/noticias"}],"version-history":[{"count":0,"href":"https:\/\/isgsaude.org.br\/hrjr\/wp-json\/wp\/v2\/noticias\/1474\/revisions"}],"wp:featuredmedia":[{"embeddable":true,"href":"https:\/\/isgsaude.org.br\/hrjr\/wp-json\/wp\/v2\/media\/1475"}],"wp:attachment":[{"href":"https:\/\/isgsaude.org.br\/hrjr\/wp-json\/wp\/v2\/media?parent=1474"}],"wp:term":[{"taxonomy":"post_tag","embeddable":true,"href":"https:\/\/isgsaude.org.br\/hrjr\/wp-json\/wp\/v2\/tags?post=1474"}],"curies":[{"name":"wp","href":"https:\/\/api.w.org\/{rel}","templated":true}]}}