{"id":4036,"date":"2024-05-22T14:36:22","date_gmt":"2024-05-22T17:36:22","guid":{"rendered":"https:\/\/isgsaude.org.br\/hrjr\/?post_type=noticias&#038;p=4036"},"modified":"2024-06-19T14:40:20","modified_gmt":"2024-06-19T17:40:20","slug":"colaboradores-participam-de-evento-em-comemoracao-aos-12-anos-da-lei-de-acesso-a-informacao-em-sao-paulo","status":"publish","type":"noticias","link":"https:\/\/isgsaude.org.br\/hrjr\/noticias\/colaboradores-participam-de-evento-em-comemoracao-aos-12-anos-da-lei-de-acesso-a-informacao-em-sao-paulo\/","title":{"rendered":"Colaboradores participam de evento em comemora\u00e7\u00e3o aos 12 anos da Lei de Acesso \u00e0 Informa\u00e7\u00e3o em S\u00e3o Paulo"},"excerpt":{"rendered":"","protected":false},"featured_media":4037,"menu_order":0,"template":"","tags":[228],"class_list":["post-4036","noticias","type-noticias","status-publish","has-post-thumbnail","hentry","tag-lei-de-acesso-a-informacao"],"acf":[],"_links":{"self":[{"href":"https:\/\/isgsaude.org.br\/hrjr\/wp-json\/wp\/v2\/noticias\/4036","targetHints":{"allow":["GET"]}}],"collection":[{"href":"https:\/\/isgsaude.org.br\/hrjr\/wp-json\/wp\/v2\/noticias"}],"about":[{"href":"https:\/\/isgsaude.org.br\/hrjr\/wp-json\/wp\/v2\/types\/noticias"}],"version-history":[{"count":0,"href":"https:\/\/isgsaude.org.br\/hrjr\/wp-json\/wp\/v2\/noticias\/4036\/revisions"}],"wp:featuredmedia":[{"embeddable":true,"href":"https:\/\/isgsaude.org.br\/hrjr\/wp-json\/wp\/v2\/media\/4037"}],"wp:attachment":[{"href":"https:\/\/isgsaude.org.br\/hrjr\/wp-json\/wp\/v2\/media?parent=4036"}],"wp:term":[{"taxonomy":"post_tag","embeddable":true,"href":"https:\/\/isgsaude.org.br\/hrjr\/wp-json\/wp\/v2\/tags?post=4036"}],"curies":[{"name":"wp","href":"https:\/\/api.w.org\/{rel}","templated":true}]}}