{"id":798,"date":"2021-01-04T10:49:08","date_gmt":"2021-01-04T13:49:08","guid":{"rendered":"https:\/\/isgsaude.org.br\/hrjr\/?post_type=noticias&#038;p=798"},"modified":"2021-08-10T10:55:00","modified_gmt":"2021-08-10T13:55:00","slug":"colaboradores-acompanham-missa-de-acao-de-gracas-fe-e-esperanca","status":"publish","type":"noticias","link":"https:\/\/isgsaude.org.br\/hrjr\/noticias\/colaboradores-acompanham-missa-de-acao-de-gracas-fe-e-esperanca\/","title":{"rendered":"Colaboradores acompanham Missa de A\u00e7\u00e3o de Gra\u00e7as, f\u00e9 e esperan\u00e7a"},"excerpt":{"rendered":"","protected":false},"featured_media":805,"menu_order":0,"template":"","tags":[20,19],"class_list":["post-798","noticias","type-noticias","status-publish","has-post-thumbnail","hentry","tag-fe-e-esperanca","tag-transmissao-da-missa-de-acao-de-gracas"],"acf":[],"_links":{"self":[{"href":"https:\/\/isgsaude.org.br\/hrjr\/wp-json\/wp\/v2\/noticias\/798","targetHints":{"allow":["GET"]}}],"collection":[{"href":"https:\/\/isgsaude.org.br\/hrjr\/wp-json\/wp\/v2\/noticias"}],"about":[{"href":"https:\/\/isgsaude.org.br\/hrjr\/wp-json\/wp\/v2\/types\/noticias"}],"version-history":[{"count":0,"href":"https:\/\/isgsaude.org.br\/hrjr\/wp-json\/wp\/v2\/noticias\/798\/revisions"}],"wp:featuredmedia":[{"embeddable":true,"href":"https:\/\/isgsaude.org.br\/hrjr\/wp-json\/wp\/v2\/media\/805"}],"wp:attachment":[{"href":"https:\/\/isgsaude.org.br\/hrjr\/wp-json\/wp\/v2\/media?parent=798"}],"wp:term":[{"taxonomy":"post_tag","embeddable":true,"href":"https:\/\/isgsaude.org.br\/hrjr\/wp-json\/wp\/v2\/tags?post=798"}],"curies":[{"name":"wp","href":"https:\/\/api.w.org\/{rel}","templated":true}]}}