{"id":4452,"date":"2024-03-20T15:48:08","date_gmt":"2024-03-20T18:48:08","guid":{"rendered":"https:\/\/isgsaude.org.br\/hrln\/?post_type=noticias&#038;p=4452"},"modified":"2024-03-20T15:52:25","modified_gmt":"2024-03-20T18:52:25","slug":"diretoria-do-hrln-e-diretora-do-drs-xvii-participam-da-2o-oficina-de-regionalizacao-da-saude","status":"publish","type":"noticias","link":"https:\/\/isgsaude.org.br\/hrln\/noticias\/diretoria-do-hrln-e-diretora-do-drs-xvii-participam-da-2o-oficina-de-regionalizacao-da-saude\/","title":{"rendered":"Diretoria do HRLN e Diretora do DRS XVII participam da 2\u00ba Oficina de Regionaliza\u00e7\u00e3o da Sa\u00fade"},"excerpt":{"rendered":"","protected":false},"featured_media":4453,"menu_order":0,"template":"","tags":[],"class_list":["post-4452","noticias","type-noticias","status-publish","has-post-thumbnail","hentry"],"acf":[],"_links":{"self":[{"href":"https:\/\/isgsaude.org.br\/hrln\/wp-json\/wp\/v2\/noticias\/4452","targetHints":{"allow":["GET"]}}],"collection":[{"href":"https:\/\/isgsaude.org.br\/hrln\/wp-json\/wp\/v2\/noticias"}],"about":[{"href":"https:\/\/isgsaude.org.br\/hrln\/wp-json\/wp\/v2\/types\/noticias"}],"version-history":[{"count":0,"href":"https:\/\/isgsaude.org.br\/hrln\/wp-json\/wp\/v2\/noticias\/4452\/revisions"}],"wp:featuredmedia":[{"embeddable":true,"href":"https:\/\/isgsaude.org.br\/hrln\/wp-json\/wp\/v2\/media\/4453"}],"wp:attachment":[{"href":"https:\/\/isgsaude.org.br\/hrln\/wp-json\/wp\/v2\/media?parent=4452"}],"wp:term":[{"taxonomy":"post_tag","embeddable":true,"href":"https:\/\/isgsaude.org.br\/hrln\/wp-json\/wp\/v2\/tags?post=4452"}],"curies":[{"name":"wp","href":"https:\/\/api.w.org\/{rel}","templated":true}]}}