{"id":215,"date":"2019-05-24T00:00:00","date_gmt":"2019-05-24T03:00:00","guid":{"rendered":"https:\/\/isgsaude.org.br\/hrr\/noticias\/ambientacao-humanizada-uti-pediatrica-do-hrr-ganha-decoracao-especial\/"},"modified":"2021-06-25T14:24:05","modified_gmt":"2021-06-25T17:24:05","slug":"ambientacao-humanizada-uti-pediatrica-do-hrr-ganha-decoracao-especial","status":"publish","type":"noticias","link":"https:\/\/isgsaude.org.br\/hrr\/noticias\/ambientacao-humanizada-uti-pediatrica-do-hrr-ganha-decoracao-especial\/","title":{"rendered":"Ambienta\u00e7\u00e3o humanizada: UTI Pedi\u00e1trica do HRR ganha decora\u00e7\u00e3o especial"},"excerpt":{"rendered":"","protected":false},"featured_media":443,"menu_order":0,"template":"","tags":[],"class_list":["post-215","noticias","type-noticias","status-publish","has-post-thumbnail","hentry"],"acf":[],"_links":{"self":[{"href":"https:\/\/isgsaude.org.br\/hrr\/wp-json\/wp\/v2\/noticias\/215","targetHints":{"allow":["GET"]}}],"collection":[{"href":"https:\/\/isgsaude.org.br\/hrr\/wp-json\/wp\/v2\/noticias"}],"about":[{"href":"https:\/\/isgsaude.org.br\/hrr\/wp-json\/wp\/v2\/types\/noticias"}],"version-history":[{"count":0,"href":"https:\/\/isgsaude.org.br\/hrr\/wp-json\/wp\/v2\/noticias\/215\/revisions"}],"wp:featuredmedia":[{"embeddable":true,"href":"https:\/\/isgsaude.org.br\/hrr\/wp-json\/wp\/v2\/media\/443"}],"wp:attachment":[{"href":"https:\/\/isgsaude.org.br\/hrr\/wp-json\/wp\/v2\/media?parent=215"}],"wp:term":[{"taxonomy":"post_tag","embeddable":true,"href":"https:\/\/isgsaude.org.br\/hrr\/wp-json\/wp\/v2\/tags?post=215"}],"curies":[{"name":"wp","href":"https:\/\/api.w.org\/{rel}","templated":true}]}}