{"id":653,"date":"2021-03-10T10:20:04","date_gmt":"2021-03-10T13:20:04","guid":{"rendered":"https:\/\/isgsaude.org.br\/hrr\/?post_type=noticias&#038;p=653"},"modified":"2021-08-04T10:25:09","modified_gmt":"2021-08-04T13:25:09","slug":"hrr-sedia-curso-da-amib-sobre-ventilacao-mecanica-em-uti","status":"publish","type":"noticias","link":"https:\/\/isgsaude.org.br\/hrr\/noticias\/hrr-sedia-curso-da-amib-sobre-ventilacao-mecanica-em-uti\/","title":{"rendered":"HRR sedia curso da AMIB sobre ventila\u00e7\u00e3o mec\u00e2nica em UTI"},"excerpt":{"rendered":"","protected":false},"featured_media":654,"menu_order":0,"template":"","tags":[],"class_list":["post-653","noticias","type-noticias","status-publish","has-post-thumbnail","hentry"],"acf":[],"_links":{"self":[{"href":"https:\/\/isgsaude.org.br\/hrr\/wp-json\/wp\/v2\/noticias\/653","targetHints":{"allow":["GET"]}}],"collection":[{"href":"https:\/\/isgsaude.org.br\/hrr\/wp-json\/wp\/v2\/noticias"}],"about":[{"href":"https:\/\/isgsaude.org.br\/hrr\/wp-json\/wp\/v2\/types\/noticias"}],"version-history":[{"count":0,"href":"https:\/\/isgsaude.org.br\/hrr\/wp-json\/wp\/v2\/noticias\/653\/revisions"}],"wp:featuredmedia":[{"embeddable":true,"href":"https:\/\/isgsaude.org.br\/hrr\/wp-json\/wp\/v2\/media\/654"}],"wp:attachment":[{"href":"https:\/\/isgsaude.org.br\/hrr\/wp-json\/wp\/v2\/media?parent=653"}],"wp:term":[{"taxonomy":"post_tag","embeddable":true,"href":"https:\/\/isgsaude.org.br\/hrr\/wp-json\/wp\/v2\/tags?post=653"}],"curies":[{"name":"wp","href":"https:\/\/api.w.org\/{rel}","templated":true}]}}