{"id":3309,"date":"2024-07-18T13:22:45","date_gmt":"2024-07-18T16:22:45","guid":{"rendered":"https:\/\/isgsaude.org.br\/hrsjc\/?post_type=noticias&#038;p=3309"},"modified":"2024-07-18T13:22:45","modified_gmt":"2024-07-18T16:22:45","slug":"hospital-regional-de-sao-jose-dos-campos-isg-saude-participa-do-integra-meeting-em-salvador","status":"publish","type":"noticias","link":"https:\/\/isgsaude.org.br\/hrsjc\/noticias\/hospital-regional-de-sao-jose-dos-campos-isg-saude-participa-do-integra-meeting-em-salvador\/","title":{"rendered":"Hospital Regional de S\u00e3o Jos\u00e9 dos Campos &#8211; ISG Sa\u00fade &#8211; participa do Integra Meeting, em Salvador"},"excerpt":{"rendered":"","protected":false},"featured_media":3310,"menu_order":0,"template":"","tags":[],"class_list":["post-3309","noticias","type-noticias","status-publish","has-post-thumbnail","hentry"],"acf":[],"_links":{"self":[{"href":"https:\/\/isgsaude.org.br\/hrsjc\/wp-json\/wp\/v2\/noticias\/3309","targetHints":{"allow":["GET"]}}],"collection":[{"href":"https:\/\/isgsaude.org.br\/hrsjc\/wp-json\/wp\/v2\/noticias"}],"about":[{"href":"https:\/\/isgsaude.org.br\/hrsjc\/wp-json\/wp\/v2\/types\/noticias"}],"version-history":[{"count":0,"href":"https:\/\/isgsaude.org.br\/hrsjc\/wp-json\/wp\/v2\/noticias\/3309\/revisions"}],"wp:featuredmedia":[{"embeddable":true,"href":"https:\/\/isgsaude.org.br\/hrsjc\/wp-json\/wp\/v2\/media\/3310"}],"wp:attachment":[{"href":"https:\/\/isgsaude.org.br\/hrsjc\/wp-json\/wp\/v2\/media?parent=3309"}],"wp:term":[{"taxonomy":"post_tag","embeddable":true,"href":"https:\/\/isgsaude.org.br\/hrsjc\/wp-json\/wp\/v2\/tags?post=3309"}],"curies":[{"name":"wp","href":"https:\/\/api.w.org\/{rel}","templated":true}]}}